{"id":3018,"date":"2018-02-16T14:58:51","date_gmt":"2018-02-16T13:58:51","guid":{"rendered":"https:\/\/www.softfactors.com\/?p=3018\/"},"modified":"2018-02-16T14:59:42","modified_gmt":"2018-02-16T13:59:42","slug":"inclusion-18-zuerich-softfactors-ist-teil-des-innovationsmarktplatzes","status":"publish","type":"post","link":"https:\/\/www.softfactors.com\/de\/2018\/02\/16\/inclusion-18-zuerich-softfactors-ist-teil-des-innovationsmarktplatzes\/","title":{"rendered":"Inclusion 18 in Z\u00fcrich: softfactors ist Teil des Innovationsmarktplatzes"},"content":{"rendered":"<p>Das <strong>\u00abGlobal Inclusion Seminar\u00bb<\/strong> wird mit dem <a href=\"https:\/\/eveni.to\/vo-zri-fr-zri-di-2018\/general\">\u00abvo Z\u00fcri f\u00fcr Z\u00fcri\u00bb-Tag am 21. M\u00e4rz 2018<\/a> in der Limmat Hall Z\u00fcrich er\u00f6ffnet &#8211; mit spannenden Input-Referaten und runden Tischen rund um die Digitalisierung und die Zukunft der Arbeitswelt.<\/p>\n<p>Neben Regierungsr\u00e4tin Jacqueline Fehr werden unter anderem Gerd Leonhard, international renommierter Zukunftsberater, Bea Knecht, vision\u00e4re Gr\u00fcnderin von Zattoo und Florian Wieser, begeisternder Founder von The Relevent Collective, zusammen mit den Teilnehmern neue\u00a0Berufsbilder, Arbeitsprozesse, Gesch\u00e4ftsmodelle und Organisationsstrukturen sowie Inklusions-Strategien diskutieren.<\/p>\n<p>softfactors wird als Teil des Innovationsmarktplatzes mit Reto R\u00fcegger und Martin M\u00fcller vor Ort dabei sein und aufzeigen, wie Sie mit softfactors Diversity &amp; Inclusion Ihre eigene Inklusions-Strategie unterst\u00fctzen k\u00f6nnen.<\/p>\n<p><a href=\"https:\/\/eveni.to\/vo-zri-fr-zri-di-2018\/general\"><strong>Profitieren Sie vom softfactors-Rabatt Code (AHY-197) und sparen Sie CHF 50.-!<\/strong><\/a><\/p>\n<p>Am 21. M\u00e4rz 2018 in der Limmat Hall Z\u00fcrich, jetzt <strong><a href=\"https:\/\/eveni.to\/vo-zri-fr-zri-di-2018\/general\">hier anmelden<\/a><\/strong>.<\/p>\n","protected":false},"excerpt":{"rendered":"<p>Das \u00abGlobal Inclusion Seminar\u00bb wird mit dem \u00abvo Z\u00fcri f\u00fcr Z\u00fcri\u00bb-Tag am 21. M\u00e4rz 2018 in der Limmat Hall Z\u00fcrich er\u00f6ffnet &#8211; mit spannenden Input-Referaten und runden Tischen rund um&#8230;<\/p>\n","protected":false},"author":10,"featured_media":0,"comment_status":"open","ping_status":"open","sticky":false,"template":"","format":"standard","meta":[],"categories":[1],"tags":[],"_links":{"self":[{"href":"https:\/\/www.softfactors.com\/de\/wp-json\/wp\/v2\/posts\/3018"}],"collection":[{"href":"https:\/\/www.softfactors.com\/de\/wp-json\/wp\/v2\/posts"}],"about":[{"href":"https:\/\/www.softfactors.com\/de\/wp-json\/wp\/v2\/types\/post"}],"author":[{"embeddable":true,"href":"https:\/\/www.softfactors.com\/de\/wp-json\/wp\/v2\/users\/10"}],"replies":[{"embeddable":true,"href":"https:\/\/www.softfactors.com\/de\/wp-json\/wp\/v2\/comments?post=3018"}],"version-history":[{"count":3,"href":"https:\/\/www.softfactors.com\/de\/wp-json\/wp\/v2\/posts\/3018\/revisions"}],"predecessor-version":[{"id":3022,"href":"https:\/\/www.softfactors.com\/de\/wp-json\/wp\/v2\/posts\/3018\/revisions\/3022"}],"wp:attachment":[{"href":"https:\/\/www.softfactors.com\/de\/wp-json\/wp\/v2\/media?parent=3018"}],"wp:term":[{"taxonomy":"category","embeddable":true,"href":"https:\/\/www.softfactors.com\/de\/wp-json\/wp\/v2\/categories?post=3018"},{"taxonomy":"post_tag","embeddable":true,"href":"https:\/\/www.softfactors.com\/de\/wp-json\/wp\/v2\/tags?post=3018"}],"curies":[{"name":"wp","href":"https:\/\/api.w.org\/{rel}","templated":true}]}}