{"id":3064,"date":"2018-08-06T10:22:38","date_gmt":"2018-08-06T08:22:38","guid":{"rendered":"https:\/\/www.softfactors.com\/?p=3064"},"modified":"2018-08-06T10:27:45","modified_gmt":"2018-08-06T08:27:45","slug":"zukunft-personal-europe-11-13-09-2018-koln-deutschland","status":"publish","type":"post","link":"https:\/\/www.softfactors.com\/de\/2018\/08\/06\/zukunft-personal-europe-11-13-09-2018-koln-deutschland\/","title":{"rendered":"Zukunft Personal Europe: 11. &#8211; 13.09.2018, K\u00f6ln, Deutschland"},"content":{"rendered":"<p>Zum ersten Mal in der noch jungen Geschichte von softfactors nehmen wir an der Zukunft Personal Europe in K\u00f6ln teil. Besuchen Sie uns an unserem<\/p>\n<h3 style=\"text-align: center;\"><strong>Stand C40 in Halle 3.2.<\/strong><\/h3>\n<p>und erfahren Sie, wie wir Sie in Ihrem Recruiting individuell unterst\u00fctzen k\u00f6nnen.<\/p>\n<p>Mit softfactors rekrutieren Sie die richtigen Personen mit dem besten Match, vorurteilsfrei (\u00abbias-free\u00bb) und mit dem h\u00f6chstm\u00f6glichen Automatisierungsgrad, den Sie pro Position selber bestimmen.<\/p>\n<p><strong><img loading=\"lazy\" class=\"size-full wp-image-3059 alignleft\" src=\"https:\/\/www.softfactors.com\/wp-content\/uploads\/2018\/08\/zukunft-personal-logo-2.png\" alt=\"\" width=\"225\" height=\"225\" srcset=\"https:\/\/www.softfactors.com\/wp-content\/uploads\/2018\/08\/zukunft-personal-logo-2.png 225w, https:\/\/www.softfactors.com\/wp-content\/uploads\/2018\/08\/zukunft-personal-logo-2-150x150.png 150w, https:\/\/www.softfactors.com\/wp-content\/uploads\/2018\/08\/zukunft-personal-logo-2-50x50.png 50w, https:\/\/www.softfactors.com\/wp-content\/uploads\/2018\/08\/zukunft-personal-logo-2-100x100.png 100w\" sizes=\"(max-width: 225px) 100vw, 225px\" \/><\/strong><\/p>\n<p>&nbsp;<\/p>\n<p><strong>Zur Zukunft Personal Europe:<\/strong><br \/>\nDie Veranstaltung in K\u00f6ln ist Europas Hot Spot f\u00fcr HR-Entscheider: Der Marktplatz f\u00fcr Innovationen mit mehr als 770 Ausstellern und einem einzigartigen Programm mit rund 450 Vortr\u00e4gen, Podiumsdiskussionen und interaktiven Formaten bietet Weiterbildung auf h\u00f6chstem Niveau. Das Themenspektrum reicht von Recruiting und Personaldienstleistungen \u00fcber betriebliche Weiterbildung, Leadership und Arbeitsrecht bis hin zu Personal-Software und der Zukunft der Arbeitswelt.<\/p>\n<p>Weitere Infos zur Messe finden Sie\u00a0<a href=\"http:\/\/www.zukunft-personal.de\/\">hier<\/a>.<\/p>\n<p>&nbsp;<\/p>\n","protected":false},"excerpt":{"rendered":"<p>Zum ersten Mal in der noch jungen Geschichte von softfactors nehmen wir an der Zukunft Personal Europe in K\u00f6ln teil. Besuchen Sie uns an unserem Stand C40 in Halle 3.2&#8230;.<\/p>\n","protected":false},"author":6,"featured_media":3062,"comment_status":"open","ping_status":"open","sticky":false,"template":"","format":"standard","meta":[],"categories":[1,15,16,18,17],"tags":[],"_links":{"self":[{"href":"https:\/\/www.softfactors.com\/de\/wp-json\/wp\/v2\/posts\/3064"}],"collection":[{"href":"https:\/\/www.softfactors.com\/de\/wp-json\/wp\/v2\/posts"}],"about":[{"href":"https:\/\/www.softfactors.com\/de\/wp-json\/wp\/v2\/types\/post"}],"author":[{"embeddable":true,"href":"https:\/\/www.softfactors.com\/de\/wp-json\/wp\/v2\/users\/6"}],"replies":[{"embeddable":true,"href":"https:\/\/www.softfactors.com\/de\/wp-json\/wp\/v2\/comments?post=3064"}],"version-history":[{"count":5,"href":"https:\/\/www.softfactors.com\/de\/wp-json\/wp\/v2\/posts\/3064\/revisions"}],"predecessor-version":[{"id":3071,"href":"https:\/\/www.softfactors.com\/de\/wp-json\/wp\/v2\/posts\/3064\/revisions\/3071"}],"wp:featuredmedia":[{"embeddable":true,"href":"https:\/\/www.softfactors.com\/de\/wp-json\/wp\/v2\/media\/3062"}],"wp:attachment":[{"href":"https:\/\/www.softfactors.com\/de\/wp-json\/wp\/v2\/media?parent=3064"}],"wp:term":[{"taxonomy":"category","embeddable":true,"href":"https:\/\/www.softfactors.com\/de\/wp-json\/wp\/v2\/categories?post=3064"},{"taxonomy":"post_tag","embeddable":true,"href":"https:\/\/www.softfactors.com\/de\/wp-json\/wp\/v2\/tags?post=3064"}],"curies":[{"name":"wp","href":"https:\/\/api.w.org\/{rel}","templated":true}]}}