{"id":3251,"date":"2019-03-29T09:24:50","date_gmt":"2019-03-29T08:24:50","guid":{"rendered":"https:\/\/www.softfactors.com\/?p=3251"},"modified":"2019-03-29T09:24:50","modified_gmt":"2019-03-29T08:24:50","slug":"personal-swiss-2-3-april-2019-zuerich-schweiz","status":"publish","type":"post","link":"https:\/\/www.softfactors.com\/de\/2019\/03\/29\/personal-swiss-2-3-april-2019-zuerich-schweiz\/","title":{"rendered":"Personal Swiss: 2. &#8211; 3. April 2019, Z\u00fcrich, Schweiz"},"content":{"rendered":"<p>Dieses Jahr nimmt softfactors vom 2. bis 3. April teil an der Personal Swiss in Z\u00fcrich. Besuchen Sie uns an unserem Stand<\/p>\n<h4 style=\"text-align: center;\"><strong>E.08, Halle 5<\/strong><\/h4>\n<p style=\"text-align: center;\">Wir freuen uns auf Sie!<\/p>\n<p>Damit Sie sich softfactors nicht nur vorstellen m\u00fcssen, zeigen wir Ihnen gerne direkt vor Ort, wie die Software aussieht und verwendet wird. Finden Sie ganz einfach Ihren Best Match mit unserer Schweizer Software.<\/p>\n<p>Geniessen Sie unser sch\u00f6nes Ambiente am Stand und lassen Sie sich B\u00fcndner Spezialit\u00e4ten schmecken!<\/p>\n<p style=\"text-align: center;\"><em>Softfactors<\/em><br \/>\n<em>Stop Recruiting, Start Hiring!<\/em><\/p>\n<p><strong><img loading=\"lazy\" class=\"size-full wp-image-3258 alignleft\" src=\"https:\/\/www.softfactors.com\/wp-content\/uploads\/2019\/03\/personal-swiss.gif\" alt=\"\" width=\"238\" height=\"118\" \/>Zur Personal Swiss<\/strong><br \/>\nDie Personal Swiss ist der Treffpunkt f\u00fcr PersonalleiterInnen, Betriebsr\u00e4te, RecruiterInnen und CEOs, um sich in den neusten Themen der Recruiting-Branche weiterzubilden und zu netzwerken. 4\u2019193 Besucher und 280 Aussteller haben auch im Jahr 2018 die Personal Swiss zu einem gro\u00dfartigen Event im Human Resource Management Bereich gemacht. Weitere Infos zur Messe finden Sie <a href=\"https:\/\/www.personal-swiss.ch\/\">hier<\/a>.<\/p>\n","protected":false},"excerpt":{"rendered":"<p>Dieses Jahr nimmt softfactors vom 2. bis 3. April teil an der Personal Swiss in Z\u00fcrich. Besuchen Sie uns an unserem Stand E.08, Halle 5 Wir freuen uns auf Sie!&#8230;<\/p>\n","protected":false},"author":6,"featured_media":3257,"comment_status":"open","ping_status":"open","sticky":false,"template":"","format":"standard","meta":[],"categories":[1],"tags":[],"_links":{"self":[{"href":"https:\/\/www.softfactors.com\/de\/wp-json\/wp\/v2\/posts\/3251"}],"collection":[{"href":"https:\/\/www.softfactors.com\/de\/wp-json\/wp\/v2\/posts"}],"about":[{"href":"https:\/\/www.softfactors.com\/de\/wp-json\/wp\/v2\/types\/post"}],"author":[{"embeddable":true,"href":"https:\/\/www.softfactors.com\/de\/wp-json\/wp\/v2\/users\/6"}],"replies":[{"embeddable":true,"href":"https:\/\/www.softfactors.com\/de\/wp-json\/wp\/v2\/comments?post=3251"}],"version-history":[{"count":6,"href":"https:\/\/www.softfactors.com\/de\/wp-json\/wp\/v2\/posts\/3251\/revisions"}],"predecessor-version":[{"id":3260,"href":"https:\/\/www.softfactors.com\/de\/wp-json\/wp\/v2\/posts\/3251\/revisions\/3260"}],"wp:featuredmedia":[{"embeddable":true,"href":"https:\/\/www.softfactors.com\/de\/wp-json\/wp\/v2\/media\/3257"}],"wp:attachment":[{"href":"https:\/\/www.softfactors.com\/de\/wp-json\/wp\/v2\/media?parent=3251"}],"wp:term":[{"taxonomy":"category","embeddable":true,"href":"https:\/\/www.softfactors.com\/de\/wp-json\/wp\/v2\/categories?post=3251"},{"taxonomy":"post_tag","embeddable":true,"href":"https:\/\/www.softfactors.com\/de\/wp-json\/wp\/v2\/tags?post=3251"}],"curies":[{"name":"wp","href":"https:\/\/api.w.org\/{rel}","templated":true}]}}