{"id":7126,"date":"2020-03-26T10:00:41","date_gmt":"2020-03-26T09:00:41","guid":{"rendered":"https:\/\/www.softfactors.com\/?p=7126"},"modified":"2020-03-26T10:00:41","modified_gmt":"2020-03-26T09:00:41","slug":"digitale-arbeitswelt-kostenlose-webinar-reihe","status":"publish","type":"post","link":"https:\/\/www.softfactors.com\/de\/2020\/03\/26\/digitale-arbeitswelt-kostenlose-webinar-reihe\/","title":{"rendered":"Digitale Arbeitswelt &#8211; kostenlose Webinar-Reihe"},"content":{"rendered":"<p>Derzeitig sind viele Menschen im Homeoffice zuhause und denken weil auf Grund der aktuellen Lage viele Messen und Veranstaltungen abgesagt wurden, sie m\u00fcssen auf aktuelle und relevante Informationen aus der Welt des HR verzichten. Doch mit dieser Webinar-Reihe zeigen wir, dass dem nicht so ist.<\/p>\n<p>Zusammen mit easylearn und weiteren Experten werden aktuelle Themen direkt zu Ihnen an den Bildschirm gebracht. Lassen Sie es sich nicht entgehen und nehmen Sie teil am <strong>Dienstag, 31. M\u00e4rz und Mittwoch, 1. April 2020<\/strong> an der kostenlosen Webinar-Reihe zu aktuellen Themen rund um die digitale Arbeitswelt\u00a0 \u2013 ganz bequem online in Ihrem Homeoffice oder B\u00fcro.<\/p>\n<p><span style=\"color: #2aade3;\">Auch softfactors Mitgr\u00fcnder Martin M\u00fcller ist mit dabei und zeigt am <strong>Dienstag 31. M\u00e4rz um 14.30 Uhr<\/strong>\u00a0 wie man in der aktuellen Situation aus dem Homeoffice rekrutieren kann und welche Tools man daf\u00fcr ben\u00f6tigt.<\/span><\/p>\n<p>&nbsp;<\/p>\n<h2><span style=\"color: #99ca3d;\">Programm Webinar-Reihe<\/span><\/h2>\n<h3><span style=\"color: #f6a321;\">Dienstag, 31. M\u00e4rz 2020<\/span><\/h3>\n<table style=\"height: 577px;\" border=\"0\" width=\"851\" cellspacing=\"1\" cellpadding=\"1\">\n<thead>\n<tr>\n<th scope=\"col\">Zeit<\/th>\n<th scope=\"col\">Thema<\/th>\n<th scope=\"col\">Referent\/in<\/th>\n<\/tr>\n<\/thead>\n<tbody>\n<tr>\n<td>09:00\u00a0\u2013 09:30 Uhr<\/td>\n<td>Lernen fr\u00fcher und heute: Gr\u00fcnde f\u00fcr ein\u00a0Learning<br \/>\nManagement System<\/td>\n<td>Ernst Erni,<br \/>\neasylearn schweiz ag<\/td>\n<\/tr>\n<tr>\n<td><\/td>\n<td><\/td>\n<td><\/td>\n<\/tr>\n<tr>\n<td>09:45 \u2013 10:30 Uhr<\/td>\n<td>Das ist easylearn! Das modulare Learning\u00a0Management<br \/>\nSystem (LMS) f\u00fcr Unternehmen<\/td>\n<td>Franz Ruchti,<br \/>\neasylearn schweiz ag<\/td>\n<\/tr>\n<tr>\n<td><\/td>\n<td><\/td>\n<td><\/td>\n<\/tr>\n<tr>\n<td>10:45 \u2013 11:15 Uhr<\/td>\n<td>Planik \u2013 Dienstpl\u00e4ne auf Knopfdruck&#8230; und Ihr Plan<br \/>\ngeht auf<\/td>\n<td>Selen Baskara und Silvan<br \/>\nK\u00f6hli, Optor AG<\/td>\n<\/tr>\n<tr>\n<td><\/td>\n<td><\/td>\n<td><\/td>\n<\/tr>\n<tr>\n<td>13:00 \u2013 13:30 Uhr<\/td>\n<td>Das ideale Personalsystem f\u00fcr die eigene Firma<br \/>\nkonzipieren\u00a0\u2013\u00a0f\u00fcr effiziente und schnelle HR-Prozesse<\/td>\n<td>Martin Lehmann,<br \/>\nLepa<\/td>\n<\/tr>\n<tr>\n<td><\/td>\n<td><\/td>\n<td><\/td>\n<\/tr>\n<tr>\n<td>13:45 \u2013 14:15 Uhr<\/td>\n<td>LMS-Evaluation: Darauf kommt es an<\/td>\n<td>Ernst Erni,<br \/>\neasylearn schweiz ag<\/td>\n<\/tr>\n<tr>\n<td><\/td>\n<td><\/td>\n<td><\/td>\n<\/tr>\n<tr>\n<td><span style=\"color: #2aade3;\"><strong>14:30\u00a0\u2013 15:00 Uhr<\/strong><\/span><\/td>\n<td><span style=\"color: #2aade3;\"><strong>Rekrutieren aus dem Home-Office \u2013\u00a0warum die<br \/>\nrichtigen\u00a0<\/strong><\/span><span style=\"color: #2aade3;\"><strong>Tools\u00a0jetzt entscheidend sind<\/strong><\/span><\/td>\n<td><span style=\"color: #2aade3;\"><strong>Martin M\u00fcller,\u00a0<\/strong><\/span><br \/>\n<span style=\"color: #2aade3;\"><strong>softfactors<\/strong><\/span><\/td>\n<\/tr>\n<tr>\n<td><\/td>\n<td><\/td>\n<td><\/td>\n<\/tr>\n<tr>\n<td>15:15 \u2013 15:45 Uhr<\/td>\n<td>Rollout von Microsoft Teams: So verlief das Onboarding<br \/>\nder Mitarbeitenden bei easylearn<\/td>\n<td>Mathias Chastonay,<br \/>\neasylearn schweiz ag<\/td>\n<\/tr>\n<\/tbody>\n<\/table>\n<p>&nbsp;<\/p>\n<h3><span style=\"color: #f6a321;\">Mittwoch, 1. April 2020\u00a0<\/span><\/h3>\n<table style=\"height: 573px;\" border=\"0\" width=\"851\" cellspacing=\"1\" cellpadding=\"1\">\n<thead>\n<tr>\n<th scope=\"col\">Zeit<\/th>\n<th scope=\"col\">Thema<\/th>\n<th scope=\"col\">Referent\/in<\/th>\n<\/tr>\n<\/thead>\n<tbody>\n<tr>\n<td>09:00\u00a0\u2013 09:30 Uhr<\/td>\n<td>Hot or not? Die HR Trends der n\u00e4chsten 2 Jahre<\/td>\n<td>Dr. Silvan Winkler,<br \/>\nAvenir Group<\/td>\n<\/tr>\n<tr>\n<td><\/td>\n<td><\/td>\n<td><\/td>\n<\/tr>\n<tr>\n<td>09:45 \u2013 10:15 Uhr<\/td>\n<td>easylearn play\u00a0\u2013 die Lern-App f\u00fcr spielerisches Lernen<\/td>\n<td>Barbara Rohrer,<br \/>\neasylearn schweiz ag<\/td>\n<\/tr>\n<tr>\n<td><\/td>\n<td><\/td>\n<td><\/td>\n<\/tr>\n<tr>\n<td>10:30\u00a0\u2013 11:00 Uhr<\/td>\n<td>Mitarbeitende informieren, involvieren und nachhaltig<br \/>\nbinden\u00a0mit einer Mitarbeiter-App<\/td>\n<td>Andreas Bucher,<br \/>\nInvolve AG<\/td>\n<\/tr>\n<tr>\n<td><\/td>\n<td><\/td>\n<td><\/td>\n<\/tr>\n<tr>\n<td>11:15 \u2013 11:45 Uhr<\/td>\n<td>Pr\u00e4senzschulungen ade? Chancen und Grenzen von<br \/>\ndigitalem Lernen<\/td>\n<td>Christoph Wiederkehr,<br \/>\neasylearn schweiz ag<\/td>\n<\/tr>\n<tr>\n<td><\/td>\n<td><\/td>\n<td><\/td>\n<\/tr>\n<tr>\n<td>13:00\u00a0\u2013 13:45 Uhr<\/td>\n<td>Das ist easylearn! Das modulare Learning\u00a0Management<br \/>\nSystem (LMS) f\u00fcr Unternehmen<\/td>\n<td>Franz Ruchti,<br \/>\neasylearn schweiz ag<\/td>\n<\/tr>\n<tr>\n<td><\/td>\n<td><\/td>\n<td><\/td>\n<\/tr>\n<tr>\n<td>14:00 \u2013 14:30 Uhr<\/td>\n<td>Organisationsentwicklung: Von der vergessenden zur<br \/>\nlernenden Organisation<\/td>\n<td>Ernst Erni,<br \/>\neasylearn schweiz ag<\/td>\n<\/tr>\n<tr>\n<td><\/td>\n<td><\/td>\n<td><\/td>\n<\/tr>\n<tr>\n<td>14:45 \u2013 15:15 Uhr<\/td>\n<td>e-Learning erstellen leicht gemacht<br \/>\n(inkl. e-Learning-Standardkurse und\u00a0Best practice)<\/td>\n<td>Franz Ruchti,<br \/>\neasylearn schweiz ag<\/td>\n<\/tr>\n<\/tbody>\n<\/table>\n<p>&nbsp;<\/p>\n<h2><span style=\"color: #99ca3d;\">Gratis anmelden und live dabei sein<\/span><\/h2>\n<p>Eine aktuelle\u00a0<strong>\u00dcbersicht der angebotenen Webinare<\/strong>\u00a0mit weiteren\u00a0<strong>Details\u00a0<\/strong>zu\u00a0Inhalt und Zielgruppe finden Sie nach einer einmaligen Registrierung direkt\u00a0<strong><a href=\"https:\/\/webinare.easylearn.ch\/\" target=\"_blank\" rel=\"noopener\">im Lernangebot der easylearn-Plattform<\/a><\/strong>. Melden Sie sich einfach und direkt f\u00fcr die gew\u00fcnschten Webinare an, wir empfehlen Ihnen eine Anmeldung bis 30. M\u00e4rz 2020.<\/p>\n<p>Bei Fragen zur Anmeldung k\u00f6nnen Sie sich gerne an folgende E-Mailadresse wenden:\u00a0<a href=\"mailto:marketing@easylearn.ch?subject=easylearn-Webinar-Reihe\">marketing@easylearn.ch<\/a>.<\/p>\n<p>Wir freuen uns auf Ihre Teilnahme und zwei spannende Webinar-Tage!<\/p>\n","protected":false},"excerpt":{"rendered":"<p>Derzeitig sind viele Menschen im Homeoffice zuhause und denken weil auf Grund der aktuellen Lage viele Messen und Veranstaltungen abgesagt wurden, sie m\u00fcssen auf aktuelle und relevante Informationen aus der&#8230;<\/p>\n","protected":false},"author":11,"featured_media":7132,"comment_status":"open","ping_status":"open","sticky":false,"template":"","format":"standard","meta":[],"categories":[1],"tags":[],"_links":{"self":[{"href":"https:\/\/www.softfactors.com\/de\/wp-json\/wp\/v2\/posts\/7126"}],"collection":[{"href":"https:\/\/www.softfactors.com\/de\/wp-json\/wp\/v2\/posts"}],"about":[{"href":"https:\/\/www.softfactors.com\/de\/wp-json\/wp\/v2\/types\/post"}],"author":[{"embeddable":true,"href":"https:\/\/www.softfactors.com\/de\/wp-json\/wp\/v2\/users\/11"}],"replies":[{"embeddable":true,"href":"https:\/\/www.softfactors.com\/de\/wp-json\/wp\/v2\/comments?post=7126"}],"version-history":[{"count":3,"href":"https:\/\/www.softfactors.com\/de\/wp-json\/wp\/v2\/posts\/7126\/revisions"}],"predecessor-version":[{"id":7129,"href":"https:\/\/www.softfactors.com\/de\/wp-json\/wp\/v2\/posts\/7126\/revisions\/7129"}],"wp:featuredmedia":[{"embeddable":true,"href":"https:\/\/www.softfactors.com\/de\/wp-json\/wp\/v2\/media\/7132"}],"wp:attachment":[{"href":"https:\/\/www.softfactors.com\/de\/wp-json\/wp\/v2\/media?parent=7126"}],"wp:term":[{"taxonomy":"category","embeddable":true,"href":"https:\/\/www.softfactors.com\/de\/wp-json\/wp\/v2\/categories?post=7126"},{"taxonomy":"post_tag","embeddable":true,"href":"https:\/\/www.softfactors.com\/de\/wp-json\/wp\/v2\/tags?post=7126"}],"curies":[{"name":"wp","href":"https:\/\/api.w.org\/{rel}","templated":true}]}}